{"id":3051,"date":"2024-12-11T16:00:13","date_gmt":"2024-12-11T15:00:13","guid":{"rendered":"https:\/\/fonkelzorginternational.nl\/derivacion-a-especialistas-el-medico-de-cabecera-como-guardian\/"},"modified":"2025-01-29T10:17:45","modified_gmt":"2025-01-29T09:17:45","slug":"derivacion-a-especialistas-el-medico-de-cabecera-como-guardian","status":"publish","type":"post","link":"https:\/\/fonkelzorginternational.nl\/es\/derivacion-a-especialistas-el-medico-de-cabecera-como-guardian\/","title":{"rendered":"Derivaci\u00f3n a especialistas: el m\u00e9dico de cabecera como guardi\u00e1n"},"content":{"rendered":"&#13;\n<p>En Holanda no es posible acudir <strong>directamente<\/strong> a un especialista m\u00e9dico sin que <strong>te remita<\/strong> tu m\u00e9dico de cabecera. Esta puede ser una diferencia importante en comparaci\u00f3n con otros sistemas sanitarios, donde a menudo puedes ver a un especialista sin la intervenci\u00f3n de un m\u00e9dico de cabecera. En Holanda, el m\u00e9dico de cabecera desempe\u00f1a un papel importante a la hora de determinar qu\u00e9 especialista necesitas, en funci\u00f3n de tus s\u00edntomas.  <\/p>&#13;\n&#13;\n<p>Los especialistas m\u00e9dicos de Holanda tratan los casos <strong>m\u00e1s complejos<\/strong> y colaboran estrechamente con los m\u00e9dicos de cabecera para garantizar que se presta la atenci\u00f3n adecuada. Esto significa que tu m\u00e9dico de cabecera te diagnosticar\u00e1 primero y te remitir\u00e1 al especialista m\u00e1s adecuado para tu situaci\u00f3n concreta. <\/p>&#13;\n&#13;\n<p><strong>Mayor diferencia:<\/strong> en muchos otros pa\u00edses, puedes acudir a un especialista sin la intervenci\u00f3n de un m\u00e9dico de cabecera, mientras que en Holanda, el m\u00e9dico de cabecera siempre ofrece atenci\u00f3n de primera l\u00ednea y decide qui\u00e9n interviene m\u00e1s en tu tratamiento. \u2695\ufe0f <\/p>&#13;\n","protected":false},"excerpt":{"rendered":"<p>&#13; En Holanda no es posible acudir directamente a un especialista m\u00e9dico sin que te remita tu m\u00e9dico de cabecera. Esta puede ser una diferencia importante en comparaci\u00f3n con otros sistemas sanitarios, donde a menudo puedes ver a un especialista sin la intervenci\u00f3n de un m\u00e9dico de cabecera. En Holanda, el m\u00e9dico de cabecera desempe\u00f1a [&hellip;]<\/p>\n","protected":false},"author":3,"featured_media":0,"comment_status":"closed","ping_status":"closed","sticky":false,"template":"","format":"standard","meta":{"_et_pb_use_builder":"on","_et_pb_old_content":"","_et_gb_content_width":"","footnotes":""},"categories":[62],"tags":[],"dipi_cpt_category":[],"class_list":["post-3051","post","type-post","status-publish","format-standard","hentry","category-que-es-diferente"],"yoast_head":"<!-- This site is optimized with the Yoast SEO plugin v27.4 - https:\/\/yoast.com\/product\/yoast-seo-wordpress\/ -->\n<title>Derivaci\u00f3n a especialistas: el m\u00e9dico de cabecera como guardi\u00e1n - Fonkelzorginternational<\/title>\n<meta name=\"description\" content=\"En Holanda no es posible acudir directamente a un m\u00e9dico especialista sin que te remita tu m\u00e9dico de cabecera.\" \/>\n<meta name=\"robots\" content=\"index, follow, max-snippet:-1, max-image-preview:large, max-video-preview:-1\" \/>\n<link rel=\"canonical\" href=\"https:\/\/fonkelzorginternational.nl\/es\/derivacion-a-especialistas-el-medico-de-cabecera-como-guardian\/\" \/>\n<meta property=\"og:locale\" content=\"es_ES\" \/>\n<meta property=\"og:type\" content=\"article\" \/>\n<meta property=\"og:title\" content=\"Derivaci\u00f3n a especialistas: el m\u00e9dico de cabecera como guardi\u00e1n - Fonkelzorginternational\" \/>\n<meta property=\"og:description\" content=\"En Holanda no es posible acudir directamente a un m\u00e9dico especialista sin que te remita tu m\u00e9dico de cabecera.\" \/>\n<meta property=\"og:url\" content=\"https:\/\/fonkelzorginternational.nl\/es\/derivacion-a-especialistas-el-medico-de-cabecera-como-guardian\/\" \/>\n<meta property=\"og:site_name\" content=\"Fonkelzorginternational\" \/>\n<meta property=\"article:published_time\" content=\"2024-12-11T15:00:13+00:00\" \/>\n<meta property=\"article:modified_time\" content=\"2025-01-29T09:17:45+00:00\" \/>\n<meta property=\"og:image\" content=\"https:\/\/fonkelzorginternational.nl\/wp-content\/uploads\/2026\/02\/Social-share-image.jpg\" \/>\n\t<meta property=\"og:image:width\" content=\"2500\" \/>\n\t<meta property=\"og:image:height\" content=\"1406\" \/>\n\t<meta property=\"og:image:type\" content=\"image\/jpeg\" \/>\n<meta name=\"author\" content=\"Yvonne Van Balkom\" \/>\n<meta name=\"twitter:card\" content=\"summary_large_image\" \/>\n<meta name=\"twitter:label1\" content=\"Escrito por\" \/>\n\t<meta name=\"twitter:data1\" content=\"Yvonne Van Balkom\" \/>\n\t<meta name=\"twitter:label2\" content=\"Tiempo de lectura\" \/>\n\t<meta name=\"twitter:data2\" content=\"1 minuto\" \/>\n<script type=\"application\/ld+json\" class=\"yoast-schema-graph\">{\"@context\":\"https:\\\/\\\/schema.org\",\"@graph\":[{\"@type\":\"Article\",\"@id\":\"https:\\\/\\\/fonkelzorginternational.nl\\\/es\\\/derivacion-a-especialistas-el-medico-de-cabecera-como-guardian\\\/#article\",\"isPartOf\":{\"@id\":\"https:\\\/\\\/fonkelzorginternational.nl\\\/es\\\/derivacion-a-especialistas-el-medico-de-cabecera-como-guardian\\\/\"},\"author\":{\"name\":\"Yvonne Van Balkom\",\"@id\":\"https:\\\/\\\/fonkelzorginternational.nl\\\/es\\\/#\\\/schema\\\/person\\\/102361c47eb2ed1a750822becd6cef7e\"},\"headline\":\"Derivaci\u00f3n a especialistas: el m\u00e9dico de cabecera como guardi\u00e1n\",\"datePublished\":\"2024-12-11T15:00:13+00:00\",\"dateModified\":\"2025-01-29T09:17:45+00:00\",\"mainEntityOfPage\":{\"@id\":\"https:\\\/\\\/fonkelzorginternational.nl\\\/es\\\/derivacion-a-especialistas-el-medico-de-cabecera-como-guardian\\\/\"},\"wordCount\":194,\"articleSection\":[\"\u00bfQu\u00e9 es diferente?\"],\"inLanguage\":\"es\"},{\"@type\":\"WebPage\",\"@id\":\"https:\\\/\\\/fonkelzorginternational.nl\\\/es\\\/derivacion-a-especialistas-el-medico-de-cabecera-como-guardian\\\/\",\"url\":\"https:\\\/\\\/fonkelzorginternational.nl\\\/es\\\/derivacion-a-especialistas-el-medico-de-cabecera-como-guardian\\\/\",\"name\":\"Derivaci\u00f3n a especialistas: el m\u00e9dico de cabecera como guardi\u00e1n - Fonkelzorginternational\",\"isPartOf\":{\"@id\":\"https:\\\/\\\/fonkelzorginternational.nl\\\/es\\\/#website\"},\"datePublished\":\"2024-12-11T15:00:13+00:00\",\"dateModified\":\"2025-01-29T09:17:45+00:00\",\"author\":{\"@id\":\"https:\\\/\\\/fonkelzorginternational.nl\\\/es\\\/#\\\/schema\\\/person\\\/102361c47eb2ed1a750822becd6cef7e\"},\"description\":\"En Holanda no es posible acudir directamente a un m\u00e9dico especialista sin que te remita tu m\u00e9dico de cabecera.\",\"breadcrumb\":{\"@id\":\"https:\\\/\\\/fonkelzorginternational.nl\\\/es\\\/derivacion-a-especialistas-el-medico-de-cabecera-como-guardian\\\/#breadcrumb\"},\"inLanguage\":\"es\",\"potentialAction\":[{\"@type\":\"ReadAction\",\"target\":[\"https:\\\/\\\/fonkelzorginternational.nl\\\/es\\\/derivacion-a-especialistas-el-medico-de-cabecera-como-guardian\\\/\"]}]},{\"@type\":\"BreadcrumbList\",\"@id\":\"https:\\\/\\\/fonkelzorginternational.nl\\\/es\\\/derivacion-a-especialistas-el-medico-de-cabecera-como-guardian\\\/#breadcrumb\",\"itemListElement\":[{\"@type\":\"ListItem\",\"position\":1,\"name\":\"Home\",\"item\":\"https:\\\/\\\/fonkelzorginternational.nl\\\/es\\\/inicio\\\/\"},{\"@type\":\"ListItem\",\"position\":2,\"name\":\"Derivaci\u00f3n a especialistas: el m\u00e9dico de cabecera como guardi\u00e1n\"}]},{\"@type\":\"WebSite\",\"@id\":\"https:\\\/\\\/fonkelzorginternational.nl\\\/es\\\/#website\",\"url\":\"https:\\\/\\\/fonkelzorginternational.nl\\\/es\\\/\",\"name\":\"Fonkelzorginternational\",\"description\":\"\",\"potentialAction\":[{\"@type\":\"SearchAction\",\"target\":{\"@type\":\"EntryPoint\",\"urlTemplate\":\"https:\\\/\\\/fonkelzorginternational.nl\\\/es\\\/?s={search_term_string}\"},\"query-input\":{\"@type\":\"PropertyValueSpecification\",\"valueRequired\":true,\"valueName\":\"search_term_string\"}}],\"inLanguage\":\"es\"},{\"@type\":\"Person\",\"@id\":\"https:\\\/\\\/fonkelzorginternational.nl\\\/es\\\/#\\\/schema\\\/person\\\/102361c47eb2ed1a750822becd6cef7e\",\"name\":\"Yvonne Van Balkom\",\"image\":{\"@type\":\"ImageObject\",\"inLanguage\":\"es\",\"@id\":\"https:\\\/\\\/fonkelzorginternational.nl\\\/wp-content\\\/litespeed\\\/avatar\\\/8ed91068d3c84e904d34182f8518cff5.jpg?ver=1776788521\",\"url\":\"https:\\\/\\\/fonkelzorginternational.nl\\\/wp-content\\\/litespeed\\\/avatar\\\/8ed91068d3c84e904d34182f8518cff5.jpg?ver=1776788521\",\"contentUrl\":\"https:\\\/\\\/fonkelzorginternational.nl\\\/wp-content\\\/litespeed\\\/avatar\\\/8ed91068d3c84e904d34182f8518cff5.jpg?ver=1776788521\",\"caption\":\"Yvonne Van Balkom\"},\"url\":\"https:\\\/\\\/fonkelzorginternational.nl\\\/es\\\/author\\\/yvonne\\\/\"}]}<\/script>\n<!-- \/ Yoast SEO plugin. -->","yoast_head_json":{"title":"Derivaci\u00f3n a especialistas: el m\u00e9dico de cabecera como guardi\u00e1n - Fonkelzorginternational","description":"En Holanda no es posible acudir directamente a un m\u00e9dico especialista sin que te remita tu m\u00e9dico de cabecera.","robots":{"index":"index","follow":"follow","max-snippet":"max-snippet:-1","max-image-preview":"max-image-preview:large","max-video-preview":"max-video-preview:-1"},"canonical":"https:\/\/fonkelzorginternational.nl\/es\/derivacion-a-especialistas-el-medico-de-cabecera-como-guardian\/","og_locale":"es_ES","og_type":"article","og_title":"Derivaci\u00f3n a especialistas: el m\u00e9dico de cabecera como guardi\u00e1n - Fonkelzorginternational","og_description":"En Holanda no es posible acudir directamente a un m\u00e9dico especialista sin que te remita tu m\u00e9dico de cabecera.","og_url":"https:\/\/fonkelzorginternational.nl\/es\/derivacion-a-especialistas-el-medico-de-cabecera-como-guardian\/","og_site_name":"Fonkelzorginternational","article_published_time":"2024-12-11T15:00:13+00:00","article_modified_time":"2025-01-29T09:17:45+00:00","og_image":[{"width":2500,"height":1406,"url":"https:\/\/fonkelzorginternational.nl\/wp-content\/uploads\/2026\/02\/Social-share-image.jpg","type":"image\/jpeg"}],"author":"Yvonne Van Balkom","twitter_card":"summary_large_image","twitter_misc":{"Escrito por":"Yvonne Van Balkom","Tiempo de lectura":"1 minuto"},"schema":{"@context":"https:\/\/schema.org","@graph":[{"@type":"Article","@id":"https:\/\/fonkelzorginternational.nl\/es\/derivacion-a-especialistas-el-medico-de-cabecera-como-guardian\/#article","isPartOf":{"@id":"https:\/\/fonkelzorginternational.nl\/es\/derivacion-a-especialistas-el-medico-de-cabecera-como-guardian\/"},"author":{"name":"Yvonne Van Balkom","@id":"https:\/\/fonkelzorginternational.nl\/es\/#\/schema\/person\/102361c47eb2ed1a750822becd6cef7e"},"headline":"Derivaci\u00f3n a especialistas: el m\u00e9dico de cabecera como guardi\u00e1n","datePublished":"2024-12-11T15:00:13+00:00","dateModified":"2025-01-29T09:17:45+00:00","mainEntityOfPage":{"@id":"https:\/\/fonkelzorginternational.nl\/es\/derivacion-a-especialistas-el-medico-de-cabecera-como-guardian\/"},"wordCount":194,"articleSection":["\u00bfQu\u00e9 es diferente?"],"inLanguage":"es"},{"@type":"WebPage","@id":"https:\/\/fonkelzorginternational.nl\/es\/derivacion-a-especialistas-el-medico-de-cabecera-como-guardian\/","url":"https:\/\/fonkelzorginternational.nl\/es\/derivacion-a-especialistas-el-medico-de-cabecera-como-guardian\/","name":"Derivaci\u00f3n a especialistas: el m\u00e9dico de cabecera como guardi\u00e1n - Fonkelzorginternational","isPartOf":{"@id":"https:\/\/fonkelzorginternational.nl\/es\/#website"},"datePublished":"2024-12-11T15:00:13+00:00","dateModified":"2025-01-29T09:17:45+00:00","author":{"@id":"https:\/\/fonkelzorginternational.nl\/es\/#\/schema\/person\/102361c47eb2ed1a750822becd6cef7e"},"description":"En Holanda no es posible acudir directamente a un m\u00e9dico especialista sin que te remita tu m\u00e9dico de cabecera.","breadcrumb":{"@id":"https:\/\/fonkelzorginternational.nl\/es\/derivacion-a-especialistas-el-medico-de-cabecera-como-guardian\/#breadcrumb"},"inLanguage":"es","potentialAction":[{"@type":"ReadAction","target":["https:\/\/fonkelzorginternational.nl\/es\/derivacion-a-especialistas-el-medico-de-cabecera-como-guardian\/"]}]},{"@type":"BreadcrumbList","@id":"https:\/\/fonkelzorginternational.nl\/es\/derivacion-a-especialistas-el-medico-de-cabecera-como-guardian\/#breadcrumb","itemListElement":[{"@type":"ListItem","position":1,"name":"Home","item":"https:\/\/fonkelzorginternational.nl\/es\/inicio\/"},{"@type":"ListItem","position":2,"name":"Derivaci\u00f3n a especialistas: el m\u00e9dico de cabecera como guardi\u00e1n"}]},{"@type":"WebSite","@id":"https:\/\/fonkelzorginternational.nl\/es\/#website","url":"https:\/\/fonkelzorginternational.nl\/es\/","name":"Fonkelzorginternational","description":"","potentialAction":[{"@type":"SearchAction","target":{"@type":"EntryPoint","urlTemplate":"https:\/\/fonkelzorginternational.nl\/es\/?s={search_term_string}"},"query-input":{"@type":"PropertyValueSpecification","valueRequired":true,"valueName":"search_term_string"}}],"inLanguage":"es"},{"@type":"Person","@id":"https:\/\/fonkelzorginternational.nl\/es\/#\/schema\/person\/102361c47eb2ed1a750822becd6cef7e","name":"Yvonne Van Balkom","image":{"@type":"ImageObject","inLanguage":"es","@id":"https:\/\/fonkelzorginternational.nl\/wp-content\/litespeed\/avatar\/8ed91068d3c84e904d34182f8518cff5.jpg?ver=1776788521","url":"https:\/\/fonkelzorginternational.nl\/wp-content\/litespeed\/avatar\/8ed91068d3c84e904d34182f8518cff5.jpg?ver=1776788521","contentUrl":"https:\/\/fonkelzorginternational.nl\/wp-content\/litespeed\/avatar\/8ed91068d3c84e904d34182f8518cff5.jpg?ver=1776788521","caption":"Yvonne Van Balkom"},"url":"https:\/\/fonkelzorginternational.nl\/es\/author\/yvonne\/"}]}},"_links":{"self":[{"href":"https:\/\/fonkelzorginternational.nl\/es\/wp-json\/wp\/v2\/posts\/3051","targetHints":{"allow":["GET"]}}],"collection":[{"href":"https:\/\/fonkelzorginternational.nl\/es\/wp-json\/wp\/v2\/posts"}],"about":[{"href":"https:\/\/fonkelzorginternational.nl\/es\/wp-json\/wp\/v2\/types\/post"}],"author":[{"embeddable":true,"href":"https:\/\/fonkelzorginternational.nl\/es\/wp-json\/wp\/v2\/users\/3"}],"replies":[{"embeddable":true,"href":"https:\/\/fonkelzorginternational.nl\/es\/wp-json\/wp\/v2\/comments?post=3051"}],"version-history":[{"count":1,"href":"https:\/\/fonkelzorginternational.nl\/es\/wp-json\/wp\/v2\/posts\/3051\/revisions"}],"predecessor-version":[{"id":3052,"href":"https:\/\/fonkelzorginternational.nl\/es\/wp-json\/wp\/v2\/posts\/3051\/revisions\/3052"}],"wp:attachment":[{"href":"https:\/\/fonkelzorginternational.nl\/es\/wp-json\/wp\/v2\/media?parent=3051"}],"wp:term":[{"taxonomy":"category","embeddable":true,"href":"https:\/\/fonkelzorginternational.nl\/es\/wp-json\/wp\/v2\/categories?post=3051"},{"taxonomy":"post_tag","embeddable":true,"href":"https:\/\/fonkelzorginternational.nl\/es\/wp-json\/wp\/v2\/tags?post=3051"},{"taxonomy":"dipi_cpt_category","embeddable":true,"href":"https:\/\/fonkelzorginternational.nl\/es\/wp-json\/wp\/v2\/dipi_cpt_category?post=3051"}],"curies":[{"name":"wp","href":"https:\/\/api.w.org\/{rel}","templated":true}]}}