{"id":3042,"date":"2025-01-14T10:54:24","date_gmt":"2025-01-14T09:54:24","guid":{"rendered":"https:\/\/fonkelzorginternational.nl\/holanda-es-muy-prudente-con-los-antibioticos\/"},"modified":"2025-01-14T10:54:24","modified_gmt":"2025-01-14T09:54:24","slug":"holanda-es-muy-prudente-con-los-antibioticos","status":"publish","type":"post","link":"https:\/\/fonkelzorginternational.nl\/es\/holanda-es-muy-prudente-con-los-antibioticos\/","title":{"rendered":"Holanda es muy prudente con los antibi\u00f3ticos."},"content":{"rendered":"<p><span data-contrast=\"auto\">En Fonkelzorg Internacional creemos que es importante que recibas la mejor atenci\u00f3n posible. Estaremos encantados de explicarte por qu\u00e9 no nos limitamos a recetarte un tratamiento de antibi\u00f3ticos.   <\/span><span data-ccp-props=\"{\"134233117\":false,\"134233118\":false,\"201341983\":0,\"335551550\":1,\"335551620\":1,\"335559685\":0,\"335559737\":0,\"335559738\":0,\"335559739\":160,\"335559740\":279}\"> <\/span><\/p>\n<p><span data-contrast=\"auto\">Los antibi\u00f3ticos son f\u00e1rmacos que pueden tratar las bacterias. Pueden matar las bacterias o inhibir su crecimiento.   <\/span><br \/>\n<span data-contrast=\"auto\">Los antibi\u00f3ticos no funcionan para las infecciones causadas por virus, como un resfriado, una gripe estomacal, una gripe o un dolor de cabeza.  <\/span><span data-ccp-props=\"{}\"> <\/span><\/p>\n<p><span data-contrast=\"auto\">Si tomas demasiados antibi\u00f3ticos, las bacterias de tu cuerpo pueden volverse insensibles a los f\u00e1rmacos. Como resultado, las bacterias pueden seguir creciendo.   <\/span><br \/>\n<span data-contrast=\"auto\">Cuando las bacterias ya no responden bien a los antibi\u00f3ticos, se habla de resistencia.  <\/span><br \/>\n<span data-contrast=\"auto\">Por esta raz\u00f3n, los m\u00e9dicos no administran antibi\u00f3ticos a la ligera.  <\/span><span data-ccp-props=\"{}\"> <\/span><\/p>\n<p><span data-contrast=\"auto\">A veces una infecci\u00f3n v\u00edrica puede ser muy molesta y ponerte bastante enfermo. Afortunadamente, hay otras ayudas para esto que pueden hacer que te sientas un poco mejor. Esto lo hablar\u00e1s con tu orientador en Fonkelzorg.    <\/span><\/p>\n","protected":false},"excerpt":{"rendered":"<p>En Fonkelzorg Internacional creemos que es importante que recibas la mejor atenci\u00f3n posible. Estaremos encantados de explicarte por qu\u00e9 no nos limitamos a recetarte un tratamiento de antibi\u00f3ticos. Los antibi\u00f3ticos son f\u00e1rmacos que pueden tratar las bacterias. Pueden matar las bacterias o inhibir su crecimiento. Los antibi\u00f3ticos no funcionan para las infecciones causadas por virus, [&hellip;]<\/p>\n","protected":false},"author":3,"featured_media":0,"comment_status":"closed","ping_status":"closed","sticky":false,"template":"","format":"standard","meta":{"_et_pb_use_builder":"on","_et_pb_old_content":"","_et_gb_content_width":"","footnotes":""},"categories":[62],"tags":[],"dipi_cpt_category":[],"class_list":["post-3042","post","type-post","status-publish","format-standard","hentry","category-que-es-diferente"],"yoast_head":"<!-- This site is optimized with the Yoast SEO plugin v27.4 - https:\/\/yoast.com\/product\/yoast-seo-wordpress\/ -->\n<title>Holanda es muy prudente con los antibi\u00f3ticos. - Fonkelzorginternational<\/title>\n<meta name=\"description\" content=\"Si tomas demasiados antibi\u00f3ticos, las bacterias de tu organismo pueden volverse insensibles a los f\u00e1rmacos.\" \/>\n<meta name=\"robots\" content=\"index, follow, max-snippet:-1, max-image-preview:large, max-video-preview:-1\" \/>\n<link rel=\"canonical\" href=\"https:\/\/fonkelzorginternational.nl\/es\/holanda-es-muy-prudente-con-los-antibioticos\/\" \/>\n<meta property=\"og:locale\" content=\"es_ES\" \/>\n<meta property=\"og:type\" content=\"article\" \/>\n<meta property=\"og:title\" content=\"Holanda es muy prudente con los antibi\u00f3ticos. - Fonkelzorginternational\" \/>\n<meta property=\"og:description\" content=\"Si tomas demasiados antibi\u00f3ticos, las bacterias de tu organismo pueden volverse insensibles a los f\u00e1rmacos.\" \/>\n<meta property=\"og:url\" content=\"https:\/\/fonkelzorginternational.nl\/es\/holanda-es-muy-prudente-con-los-antibioticos\/\" \/>\n<meta property=\"og:site_name\" content=\"Fonkelzorginternational\" \/>\n<meta property=\"article:published_time\" content=\"2025-01-14T09:54:24+00:00\" \/>\n<meta property=\"og:image\" content=\"https:\/\/fonkelzorginternational.nl\/wp-content\/uploads\/2026\/02\/Social-share-image.jpg\" \/>\n\t<meta property=\"og:image:width\" content=\"2500\" \/>\n\t<meta property=\"og:image:height\" content=\"1406\" \/>\n\t<meta property=\"og:image:type\" content=\"image\/jpeg\" \/>\n<meta name=\"author\" content=\"Yvonne Van Balkom\" \/>\n<meta name=\"twitter:card\" content=\"summary_large_image\" \/>\n<meta name=\"twitter:label1\" content=\"Escrito por\" \/>\n\t<meta name=\"twitter:data1\" content=\"Yvonne Van Balkom\" \/>\n\t<meta name=\"twitter:label2\" content=\"Tiempo de lectura\" \/>\n\t<meta name=\"twitter:data2\" content=\"1 minuto\" \/>\n<script type=\"application\/ld+json\" class=\"yoast-schema-graph\">{\"@context\":\"https:\\\/\\\/schema.org\",\"@graph\":[{\"@type\":\"Article\",\"@id\":\"https:\\\/\\\/fonkelzorginternational.nl\\\/es\\\/holanda-es-muy-prudente-con-los-antibioticos\\\/#article\",\"isPartOf\":{\"@id\":\"https:\\\/\\\/fonkelzorginternational.nl\\\/es\\\/holanda-es-muy-prudente-con-los-antibioticos\\\/\"},\"author\":{\"name\":\"Yvonne Van Balkom\",\"@id\":\"https:\\\/\\\/fonkelzorginternational.nl\\\/es\\\/#\\\/schema\\\/person\\\/102361c47eb2ed1a750822becd6cef7e\"},\"headline\":\"Holanda es muy prudente con los antibi\u00f3ticos.\",\"datePublished\":\"2025-01-14T09:54:24+00:00\",\"mainEntityOfPage\":{\"@id\":\"https:\\\/\\\/fonkelzorginternational.nl\\\/es\\\/holanda-es-muy-prudente-con-los-antibioticos\\\/\"},\"wordCount\":173,\"articleSection\":[\"\u00bfQu\u00e9 es diferente?\"],\"inLanguage\":\"es\"},{\"@type\":\"WebPage\",\"@id\":\"https:\\\/\\\/fonkelzorginternational.nl\\\/es\\\/holanda-es-muy-prudente-con-los-antibioticos\\\/\",\"url\":\"https:\\\/\\\/fonkelzorginternational.nl\\\/es\\\/holanda-es-muy-prudente-con-los-antibioticos\\\/\",\"name\":\"Holanda es muy prudente con los antibi\u00f3ticos. - Fonkelzorginternational\",\"isPartOf\":{\"@id\":\"https:\\\/\\\/fonkelzorginternational.nl\\\/es\\\/#website\"},\"datePublished\":\"2025-01-14T09:54:24+00:00\",\"author\":{\"@id\":\"https:\\\/\\\/fonkelzorginternational.nl\\\/es\\\/#\\\/schema\\\/person\\\/102361c47eb2ed1a750822becd6cef7e\"},\"description\":\"Si tomas demasiados antibi\u00f3ticos, las bacterias de tu organismo pueden volverse insensibles a los f\u00e1rmacos.\",\"breadcrumb\":{\"@id\":\"https:\\\/\\\/fonkelzorginternational.nl\\\/es\\\/holanda-es-muy-prudente-con-los-antibioticos\\\/#breadcrumb\"},\"inLanguage\":\"es\",\"potentialAction\":[{\"@type\":\"ReadAction\",\"target\":[\"https:\\\/\\\/fonkelzorginternational.nl\\\/es\\\/holanda-es-muy-prudente-con-los-antibioticos\\\/\"]}]},{\"@type\":\"BreadcrumbList\",\"@id\":\"https:\\\/\\\/fonkelzorginternational.nl\\\/es\\\/holanda-es-muy-prudente-con-los-antibioticos\\\/#breadcrumb\",\"itemListElement\":[{\"@type\":\"ListItem\",\"position\":1,\"name\":\"Home\",\"item\":\"https:\\\/\\\/fonkelzorginternational.nl\\\/es\\\/inicio\\\/\"},{\"@type\":\"ListItem\",\"position\":2,\"name\":\"Holanda es muy prudente con los antibi\u00f3ticos.\"}]},{\"@type\":\"WebSite\",\"@id\":\"https:\\\/\\\/fonkelzorginternational.nl\\\/es\\\/#website\",\"url\":\"https:\\\/\\\/fonkelzorginternational.nl\\\/es\\\/\",\"name\":\"Fonkelzorginternational\",\"description\":\"\",\"potentialAction\":[{\"@type\":\"SearchAction\",\"target\":{\"@type\":\"EntryPoint\",\"urlTemplate\":\"https:\\\/\\\/fonkelzorginternational.nl\\\/es\\\/?s={search_term_string}\"},\"query-input\":{\"@type\":\"PropertyValueSpecification\",\"valueRequired\":true,\"valueName\":\"search_term_string\"}}],\"inLanguage\":\"es\"},{\"@type\":\"Person\",\"@id\":\"https:\\\/\\\/fonkelzorginternational.nl\\\/es\\\/#\\\/schema\\\/person\\\/102361c47eb2ed1a750822becd6cef7e\",\"name\":\"Yvonne Van Balkom\",\"image\":{\"@type\":\"ImageObject\",\"inLanguage\":\"es\",\"@id\":\"https:\\\/\\\/fonkelzorginternational.nl\\\/wp-content\\\/litespeed\\\/avatar\\\/8ed91068d3c84e904d34182f8518cff5.jpg?ver=1776788521\",\"url\":\"https:\\\/\\\/fonkelzorginternational.nl\\\/wp-content\\\/litespeed\\\/avatar\\\/8ed91068d3c84e904d34182f8518cff5.jpg?ver=1776788521\",\"contentUrl\":\"https:\\\/\\\/fonkelzorginternational.nl\\\/wp-content\\\/litespeed\\\/avatar\\\/8ed91068d3c84e904d34182f8518cff5.jpg?ver=1776788521\",\"caption\":\"Yvonne Van Balkom\"},\"url\":\"https:\\\/\\\/fonkelzorginternational.nl\\\/es\\\/author\\\/yvonne\\\/\"}]}<\/script>\n<!-- \/ Yoast SEO plugin. -->","yoast_head_json":{"title":"Holanda es muy prudente con los antibi\u00f3ticos. - Fonkelzorginternational","description":"Si tomas demasiados antibi\u00f3ticos, las bacterias de tu organismo pueden volverse insensibles a los f\u00e1rmacos.","robots":{"index":"index","follow":"follow","max-snippet":"max-snippet:-1","max-image-preview":"max-image-preview:large","max-video-preview":"max-video-preview:-1"},"canonical":"https:\/\/fonkelzorginternational.nl\/es\/holanda-es-muy-prudente-con-los-antibioticos\/","og_locale":"es_ES","og_type":"article","og_title":"Holanda es muy prudente con los antibi\u00f3ticos. - Fonkelzorginternational","og_description":"Si tomas demasiados antibi\u00f3ticos, las bacterias de tu organismo pueden volverse insensibles a los f\u00e1rmacos.","og_url":"https:\/\/fonkelzorginternational.nl\/es\/holanda-es-muy-prudente-con-los-antibioticos\/","og_site_name":"Fonkelzorginternational","article_published_time":"2025-01-14T09:54:24+00:00","og_image":[{"width":2500,"height":1406,"url":"https:\/\/fonkelzorginternational.nl\/wp-content\/uploads\/2026\/02\/Social-share-image.jpg","type":"image\/jpeg"}],"author":"Yvonne Van Balkom","twitter_card":"summary_large_image","twitter_misc":{"Escrito por":"Yvonne Van Balkom","Tiempo de lectura":"1 minuto"},"schema":{"@context":"https:\/\/schema.org","@graph":[{"@type":"Article","@id":"https:\/\/fonkelzorginternational.nl\/es\/holanda-es-muy-prudente-con-los-antibioticos\/#article","isPartOf":{"@id":"https:\/\/fonkelzorginternational.nl\/es\/holanda-es-muy-prudente-con-los-antibioticos\/"},"author":{"name":"Yvonne Van Balkom","@id":"https:\/\/fonkelzorginternational.nl\/es\/#\/schema\/person\/102361c47eb2ed1a750822becd6cef7e"},"headline":"Holanda es muy prudente con los antibi\u00f3ticos.","datePublished":"2025-01-14T09:54:24+00:00","mainEntityOfPage":{"@id":"https:\/\/fonkelzorginternational.nl\/es\/holanda-es-muy-prudente-con-los-antibioticos\/"},"wordCount":173,"articleSection":["\u00bfQu\u00e9 es diferente?"],"inLanguage":"es"},{"@type":"WebPage","@id":"https:\/\/fonkelzorginternational.nl\/es\/holanda-es-muy-prudente-con-los-antibioticos\/","url":"https:\/\/fonkelzorginternational.nl\/es\/holanda-es-muy-prudente-con-los-antibioticos\/","name":"Holanda es muy prudente con los antibi\u00f3ticos. - Fonkelzorginternational","isPartOf":{"@id":"https:\/\/fonkelzorginternational.nl\/es\/#website"},"datePublished":"2025-01-14T09:54:24+00:00","author":{"@id":"https:\/\/fonkelzorginternational.nl\/es\/#\/schema\/person\/102361c47eb2ed1a750822becd6cef7e"},"description":"Si tomas demasiados antibi\u00f3ticos, las bacterias de tu organismo pueden volverse insensibles a los f\u00e1rmacos.","breadcrumb":{"@id":"https:\/\/fonkelzorginternational.nl\/es\/holanda-es-muy-prudente-con-los-antibioticos\/#breadcrumb"},"inLanguage":"es","potentialAction":[{"@type":"ReadAction","target":["https:\/\/fonkelzorginternational.nl\/es\/holanda-es-muy-prudente-con-los-antibioticos\/"]}]},{"@type":"BreadcrumbList","@id":"https:\/\/fonkelzorginternational.nl\/es\/holanda-es-muy-prudente-con-los-antibioticos\/#breadcrumb","itemListElement":[{"@type":"ListItem","position":1,"name":"Home","item":"https:\/\/fonkelzorginternational.nl\/es\/inicio\/"},{"@type":"ListItem","position":2,"name":"Holanda es muy prudente con los antibi\u00f3ticos."}]},{"@type":"WebSite","@id":"https:\/\/fonkelzorginternational.nl\/es\/#website","url":"https:\/\/fonkelzorginternational.nl\/es\/","name":"Fonkelzorginternational","description":"","potentialAction":[{"@type":"SearchAction","target":{"@type":"EntryPoint","urlTemplate":"https:\/\/fonkelzorginternational.nl\/es\/?s={search_term_string}"},"query-input":{"@type":"PropertyValueSpecification","valueRequired":true,"valueName":"search_term_string"}}],"inLanguage":"es"},{"@type":"Person","@id":"https:\/\/fonkelzorginternational.nl\/es\/#\/schema\/person\/102361c47eb2ed1a750822becd6cef7e","name":"Yvonne Van Balkom","image":{"@type":"ImageObject","inLanguage":"es","@id":"https:\/\/fonkelzorginternational.nl\/wp-content\/litespeed\/avatar\/8ed91068d3c84e904d34182f8518cff5.jpg?ver=1776788521","url":"https:\/\/fonkelzorginternational.nl\/wp-content\/litespeed\/avatar\/8ed91068d3c84e904d34182f8518cff5.jpg?ver=1776788521","contentUrl":"https:\/\/fonkelzorginternational.nl\/wp-content\/litespeed\/avatar\/8ed91068d3c84e904d34182f8518cff5.jpg?ver=1776788521","caption":"Yvonne Van Balkom"},"url":"https:\/\/fonkelzorginternational.nl\/es\/author\/yvonne\/"}]}},"_links":{"self":[{"href":"https:\/\/fonkelzorginternational.nl\/es\/wp-json\/wp\/v2\/posts\/3042","targetHints":{"allow":["GET"]}}],"collection":[{"href":"https:\/\/fonkelzorginternational.nl\/es\/wp-json\/wp\/v2\/posts"}],"about":[{"href":"https:\/\/fonkelzorginternational.nl\/es\/wp-json\/wp\/v2\/types\/post"}],"author":[{"embeddable":true,"href":"https:\/\/fonkelzorginternational.nl\/es\/wp-json\/wp\/v2\/users\/3"}],"replies":[{"embeddable":true,"href":"https:\/\/fonkelzorginternational.nl\/es\/wp-json\/wp\/v2\/comments?post=3042"}],"version-history":[{"count":0,"href":"https:\/\/fonkelzorginternational.nl\/es\/wp-json\/wp\/v2\/posts\/3042\/revisions"}],"wp:attachment":[{"href":"https:\/\/fonkelzorginternational.nl\/es\/wp-json\/wp\/v2\/media?parent=3042"}],"wp:term":[{"taxonomy":"category","embeddable":true,"href":"https:\/\/fonkelzorginternational.nl\/es\/wp-json\/wp\/v2\/categories?post=3042"},{"taxonomy":"post_tag","embeddable":true,"href":"https:\/\/fonkelzorginternational.nl\/es\/wp-json\/wp\/v2\/tags?post=3042"},{"taxonomy":"dipi_cpt_category","embeddable":true,"href":"https:\/\/fonkelzorginternational.nl\/es\/wp-json\/wp\/v2\/dipi_cpt_category?post=3042"}],"curies":[{"name":"wp","href":"https:\/\/api.w.org\/{rel}","templated":true}]}}